{"id":8742,"date":"2018-10-25T11:55:03","date_gmt":"2018-10-25T09:55:03","guid":{"rendered":"https:\/\/www.ime-gmbh.com\/?p=8742"},"modified":"2018-10-25T12:11:19","modified_gmt":"2018-10-25T10:11:19","slug":"augmentations-tarifaires-2018-2019","status":"publish","type":"post","link":"https:\/\/www.ime-gmbh.com\/fr\/augmentations-tarifaires-2018-2019\/","title":{"rendered":"Augmentations tarifaires 2018\/2019"},"content":{"rendered":"<div class=\"fusion-fullwidth fullwidth-box fusion-builder-row-1 nonhundred-percent-fullwidth non-hundred-percent-height-scrolling\" style=\"--awb-border-radius-top-left:0px;--awb-border-radius-top-right:0px;--awb-border-radius-bottom-right:0px;--awb-border-radius-bottom-left:0px;--awb-flex-wrap:wrap;\" ><div class=\"fusion-builder-row fusion-row\"><div class=\"fusion-layout-column fusion_builder_column fusion-builder-column-0 fusion_builder_column_1_1 1_1 fusion-one-full fusion-column-first fusion-column-last\" style=\"--awb-bg-size:cover;\"><div class=\"fusion-column-wrapper fusion-flex-column-wrapper-legacy\"><div class=\"fusion-text fusion-text-1\"><p><img decoding=\"async\" class=\"size-medium wp-image-8732\" src=\"https:\/\/www.ime-gmbh.com\/wp-content\/uploads\/2018\/10\/Logo_Wirtgen-300x54.png\" alt=\"\" width=\"300\" height=\"54\" srcset=\"https:\/\/www.ime-gmbh.com\/wp-content\/uploads\/2018\/10\/Logo_Wirtgen-200x36.png 200w, https:\/\/www.ime-gmbh.com\/wp-content\/uploads\/2018\/10\/Logo_Wirtgen-300x54.png 300w, https:\/\/www.ime-gmbh.com\/wp-content\/uploads\/2018\/10\/Logo_Wirtgen-400x72.png 400w, https:\/\/www.ime-gmbh.com\/wp-content\/uploads\/2018\/10\/Logo_Wirtgen-600x107.png 600w, https:\/\/www.ime-gmbh.com\/wp-content\/uploads\/2018\/10\/Logo_Wirtgen-768x137.png 768w, https:\/\/www.ime-gmbh.com\/wp-content\/uploads\/2018\/10\/Logo_Wirtgen-800x143.png 800w, https:\/\/www.ime-gmbh.com\/wp-content\/uploads\/2018\/10\/Logo_Wirtgen.png 989w\" sizes=\"(max-width: 300px) 100vw, 300px\" \/><\/p>\n<p>Le Groupe WIRTGEN nous a annonc\u00e9, que le rachat par John Deere allait conduire \u00e0 une augmentation des prix non pas \u00e0 partir de Janvier 2019 mais d\u00e8s Novembre 2018. Cela concerne les marques <strong>WIRTGEN, V\u00d6GELE, HAMM, BENNINGHOVEN et KLEEMANN.<\/strong><\/p>\n<p>Par cons\u00e9quent, nous vous conseillons d\u2018effectuer les r\u00e9parations importantes si possible en Octobre 2018 pour pouvoir encore profiter des anciens prix.<\/p>\n<h2>Augmentations tarifaires 2019<\/h2>\n<p>D\u2018autres fabricants ont d\u00e9j\u00e0 annonc\u00e9 des ajustements de prix pour 2019. C\u2018est la raison pour laquelle, vous devriez d\u00e8s \u00e0 pr\u00e9sent r\u00e9fl\u00e9chir aux prochaines r\u00e9parations, pour pouvoir commander en profitant encore de tarifs plus avantageux.<\/p>\n<\/div><div class=\"fusion-clearfix\"><\/div><\/div><\/div><\/div><\/div>\n","protected":false},"excerpt":{"rendered":"","protected":false},"author":2,"featured_media":8715,"comment_status":"closed","ping_status":"open","sticky":false,"template":"","format":"standard","meta":{"footnotes":""},"categories":[14,19],"tags":[],"class_list":["post-8742","post","type-post","status-publish","format-standard","has-post-thumbnail","hentry","category-news-fr","category-news-startseite-fr"],"_links":{"self":[{"href":"https:\/\/www.ime-gmbh.com\/fr\/wp-json\/wp\/v2\/posts\/8742","targetHints":{"allow":["GET"]}}],"collection":[{"href":"https:\/\/www.ime-gmbh.com\/fr\/wp-json\/wp\/v2\/posts"}],"about":[{"href":"https:\/\/www.ime-gmbh.com\/fr\/wp-json\/wp\/v2\/types\/post"}],"author":[{"embeddable":true,"href":"https:\/\/www.ime-gmbh.com\/fr\/wp-json\/wp\/v2\/users\/2"}],"replies":[{"embeddable":true,"href":"https:\/\/www.ime-gmbh.com\/fr\/wp-json\/wp\/v2\/comments?post=8742"}],"version-history":[{"count":2,"href":"https:\/\/www.ime-gmbh.com\/fr\/wp-json\/wp\/v2\/posts\/8742\/revisions"}],"predecessor-version":[{"id":8747,"href":"https:\/\/www.ime-gmbh.com\/fr\/wp-json\/wp\/v2\/posts\/8742\/revisions\/8747"}],"wp:featuredmedia":[{"embeddable":true,"href":"https:\/\/www.ime-gmbh.com\/fr\/wp-json\/wp\/v2\/media\/8715"}],"wp:attachment":[{"href":"https:\/\/www.ime-gmbh.com\/fr\/wp-json\/wp\/v2\/media?parent=8742"}],"wp:term":[{"taxonomy":"category","embeddable":true,"href":"https:\/\/www.ime-gmbh.com\/fr\/wp-json\/wp\/v2\/categories?post=8742"},{"taxonomy":"post_tag","embeddable":true,"href":"https:\/\/www.ime-gmbh.com\/fr\/wp-json\/wp\/v2\/tags?post=8742"}],"curies":[{"name":"wp","href":"https:\/\/api.w.org\/{rel}","templated":true}]}}