{"id":4239,"date":"2017-03-09T11:24:44","date_gmt":"2017-03-09T10:24:44","guid":{"rendered":"https:\/\/www.ime-gmbh.com\/?p=4239\/"},"modified":"2019-01-31T09:43:21","modified_gmt":"2019-01-31T08:43:21","slug":"piezas-de-repuesto-nuevas-listas-de-precios-ime","status":"publish","type":"post","link":"https:\/\/www.ime-gmbh.com\/es\/piezas-de-repuesto-nuevas-listas-de-precios-ime\/","title":{"rendered":"Se publicar\u00e1n nuevas listas de precios"},"content":{"rendered":"<div class=\"fusion-fullwidth fullwidth-box fusion-builder-row-1 nonhundred-percent-fullwidth non-hundred-percent-height-scrolling\" style=\"--awb-border-radius-top-left:0px;--awb-border-radius-top-right:0px;--awb-border-radius-bottom-right:0px;--awb-border-radius-bottom-left:0px;--awb-flex-wrap:wrap;\" ><div class=\"fusion-builder-row fusion-row\"><div class=\"fusion-layout-column fusion_builder_column fusion-builder-column-0 fusion_builder_column_1_1 1_1 fusion-one-full fusion-column-first fusion-column-last\" style=\"--awb-bg-size:cover;--awb-margin-bottom:0px;\"><div class=\"fusion-column-wrapper fusion-flex-column-wrapper-legacy\"><div class=\"fusion-text fusion-text-1\"><p><img decoding=\"async\" class=\"alignnone wp-image-4141 size-thumbnail\" src=\"https:\/\/www.ime-gmbh.com\/wp-content\/uploads\/2017\/03\/Foto_New-Offer-150x150.jpg\" alt=\"New Offer\" width=\"150\" height=\"150\" \/><\/p>\n<h2>Las siguientes empresas ajustar\u00e1n sus precios para las piezas de repuesto el 01.04.2017.<\/h2>\n<p><!--more--><\/p>\n<h3>LIEBHERR Internacional y Alemania &#8211; Austria &#8211; Francia &#8211; Suiza<\/h3>\n<ul>\n<li>LIEBHERR Internacional<\/li>\n<li>LIEBHERR maquinaria de construccion<\/li>\n<li>LIEBHERR Alemania, Ehingen &#8211; gr\u00faas<\/li>\n<li>LIEBHERR Alemania, Bad Schussenried &#8211; hormigonera<\/li>\n<li>LIEBHERR Alemania, Biberach &#8211; gr\u00faas torre<\/li>\n<li>LIEBHERR Austria, Nenzing y Telfs<\/li>\n<li>LIEBHERR France, Colmar &#8211; M\u00e1quinas para la miner\u00eda<\/li>\n<\/ul>\n<h3>Gr\u00faas Sennebogen &#8211; l\u00ednea verde y excavadoras Sennebogen<\/h3>\n<h3>ZF Zahnradfabrik Friedrichshafen &#8211; Passau &#8211; Berl\u00edn &#8211; Saarbr\u00fccken<\/h3>\n<p>Todas las ofertas IME presentadas anteriormente para las piezas y componentes de repuesto de LIEBHERR, Sennebogen y ZF expirar\u00e1n el <strong>31.03.2017.<\/strong><\/p>\n<p>El \u00faltimo d\u00eda para pasar pedido con los precios de 2016 ser\u00e1 el <strong>25.03.2017.<\/strong><\/p>\n<\/div><div class=\"fusion-clearfix\"><\/div><\/div><\/div><\/div><\/div>\n","protected":false},"excerpt":{"rendered":"<p>Las siguientes empresas ajustar\u00e1n sus precios para las piezas de repuesto el 01.04.2017.<\/p>\n","protected":false},"author":2,"featured_media":0,"comment_status":"closed","ping_status":"open","sticky":false,"template":"","format":"standard","meta":{"footnotes":""},"categories":[21,15],"tags":[],"class_list":["post-4239","post","type-post","status-publish","format-standard","hentry","category-news-startseite-es","category-noticias"],"_links":{"self":[{"href":"https:\/\/www.ime-gmbh.com\/es\/wp-json\/wp\/v2\/posts\/4239","targetHints":{"allow":["GET"]}}],"collection":[{"href":"https:\/\/www.ime-gmbh.com\/es\/wp-json\/wp\/v2\/posts"}],"about":[{"href":"https:\/\/www.ime-gmbh.com\/es\/wp-json\/wp\/v2\/types\/post"}],"author":[{"embeddable":true,"href":"https:\/\/www.ime-gmbh.com\/es\/wp-json\/wp\/v2\/users\/2"}],"replies":[{"embeddable":true,"href":"https:\/\/www.ime-gmbh.com\/es\/wp-json\/wp\/v2\/comments?post=4239"}],"version-history":[{"count":2,"href":"https:\/\/www.ime-gmbh.com\/es\/wp-json\/wp\/v2\/posts\/4239\/revisions"}],"predecessor-version":[{"id":9207,"href":"https:\/\/www.ime-gmbh.com\/es\/wp-json\/wp\/v2\/posts\/4239\/revisions\/9207"}],"wp:attachment":[{"href":"https:\/\/www.ime-gmbh.com\/es\/wp-json\/wp\/v2\/media?parent=4239"}],"wp:term":[{"taxonomy":"category","embeddable":true,"href":"https:\/\/www.ime-gmbh.com\/es\/wp-json\/wp\/v2\/categories?post=4239"},{"taxonomy":"post_tag","embeddable":true,"href":"https:\/\/www.ime-gmbh.com\/es\/wp-json\/wp\/v2\/tags?post=4239"}],"curies":[{"name":"wp","href":"https:\/\/api.w.org\/{rel}","templated":true}]}}